{"id":7423,"date":"2017-11-20T00:01:52","date_gmt":"2017-11-19T23:01:52","guid":{"rendered":"https:\/\/laszlo-music.com\/fotos-von-laszlos-auftritt-bei-der-live-goes-on-gala\/"},"modified":"2017-11-20T00:01:52","modified_gmt":"2017-11-19T23:01:52","slug":"fotos-von-laszlos-auftritt-bei-der-live-goes-on-gala","status":"publish","type":"post","link":"https:\/\/laszlo-music.com\/en\/fotos-von-laszlos-auftritt-bei-der-live-goes-on-gala\/","title":{"rendered":"FOTOS VON LASZLO\u00b4S AUFTRITT BEI DER *LIVE GOES ON*-GALA"},"content":{"rendered":"<p>Meine Lieben,<\/p>\n<p>jetzt sind endlich die Bilder von meinem Auftritt bei der LIVE GOES ON-Gala 2017 da!<\/p>\n<p>Singen ist f\u00fcr mich eine gro\u00dfe Freud und Genuss! Ich denke, dass man das auch an diesen sch\u00f6nen Bildern sehen kann. Es war ein wunderbare Atmosph\u00e4re und der Song JETZT UND HIER &#8211; IT\u00b4S MY LIFE (Bon Jovi) in meiner ganz besonderen, deutschsprachigen Klassik-Pop-Fassung hat perfekt zu diesem Moment und diesem Anlass gepasst.<\/p>\n<p><img decoding=\"async\" loading=\"lazy\" class=\"alignnone size-medium wp-image-7392\" src=\"https:\/\/laszlo-music.com\/wp-content\/uploads\/2017\/11\/LASZLO-TENOR-MALECZKY-LIFE-GOES-ON-GALA-2017-WIEN-ITS-MY-LIFE-JETZT-UND-HIER-BON-JOVI-FESTSAAL-WIENER-RATHAUS-KLASSIK-POP-CROSSOVER-SOUNDTRACK-MUSIC-MUSIK-ADORO-IRGENDWO-AUF-DER-WELT-IST-DA-JEMAND-03-559x373.jpg\" alt=\"\" width=\"559\" height=\"373\" srcset=\"https:\/\/laszlo-music.com\/wp-content\/uploads\/2017\/11\/LASZLO-TENOR-MALECZKY-LIFE-GOES-ON-GALA-2017-WIEN-ITS-MY-LIFE-JETZT-UND-HIER-BON-JOVI-FESTSAAL-WIENER-RATHAUS-KLASSIK-POP-CROSSOVER-SOUNDTRACK-MUSIC-MUSIK-ADORO-IRGENDWO-AUF-DER-WELT-IST-DA-JEMAND-03-559x373.jpg 559w, https:\/\/laszlo-music.com\/wp-content\/uploads\/2017\/11\/LASZLO-TENOR-MALECZKY-LIFE-GOES-ON-GALA-2017-WIEN-ITS-MY-LIFE-JETZT-UND-HIER-BON-JOVI-FESTSAAL-WIENER-RATHAUS-KLASSIK-POP-CROSSOVER-SOUNDTRACK-MUSIC-MUSIK-ADORO-IRGENDWO-AUF-DER-WELT-IST-DA-JEMAND-03-768x512.jpg 768w, https:\/\/laszlo-music.com\/wp-content\/uploads\/2017\/11\/LASZLO-TENOR-MALECZKY-LIFE-GOES-ON-GALA-2017-WIEN-ITS-MY-LIFE-JETZT-UND-HIER-BON-JOVI-FESTSAAL-WIENER-RATHAUS-KLASSIK-POP-CROSSOVER-SOUNDTRACK-MUSIC-MUSIK-ADORO-IRGENDWO-AUF-DER-WELT-IST-DA-JEMAND-03-1024x683.jpg 1024w\" sizes=\"(max-width: 559px) 100vw, 559px\" \/><\/p>\n<p><img decoding=\"async\" loading=\"lazy\" class=\"alignnone size-medium wp-image-7393\" src=\"https:\/\/laszlo-music.com\/wp-content\/uploads\/2017\/11\/LASZLO-TENOR-MALECZKY-LIFE-GOES-ON-GALA-2017-WIEN-ITS-MY-LIFE-JETZT-UND-HIER-BON-JOVI-FESTSAAL-WIENER-RATHAUS-KLASSIK-POP-CROSSOVER-SOUNDTRACK-MUSIC-MUSIK-ADORO-IRGENDWO-AUF-DER-WELT-IST-DA-JEMAND-04-559x373.jpg\" alt=\"\" width=\"559\" height=\"373\" srcset=\"https:\/\/laszlo-music.com\/wp-content\/uploads\/2017\/11\/LASZLO-TENOR-MALECZKY-LIFE-GOES-ON-GALA-2017-WIEN-ITS-MY-LIFE-JETZT-UND-HIER-BON-JOVI-FESTSAAL-WIENER-RATHAUS-KLASSIK-POP-CROSSOVER-SOUNDTRACK-MUSIC-MUSIK-ADORO-IRGENDWO-AUF-DER-WELT-IST-DA-JEMAND-04-559x373.jpg 559w, https:\/\/laszlo-music.com\/wp-content\/uploads\/2017\/11\/LASZLO-TENOR-MALECZKY-LIFE-GOES-ON-GALA-2017-WIEN-ITS-MY-LIFE-JETZT-UND-HIER-BON-JOVI-FESTSAAL-WIENER-RATHAUS-KLASSIK-POP-CROSSOVER-SOUNDTRACK-MUSIC-MUSIK-ADORO-IRGENDWO-AUF-DER-WELT-IST-DA-JEMAND-04-768x512.jpg 768w, https:\/\/laszlo-music.com\/wp-content\/uploads\/2017\/11\/LASZLO-TENOR-MALECZKY-LIFE-GOES-ON-GALA-2017-WIEN-ITS-MY-LIFE-JETZT-UND-HIER-BON-JOVI-FESTSAAL-WIENER-RATHAUS-KLASSIK-POP-CROSSOVER-SOUNDTRACK-MUSIC-MUSIK-ADORO-IRGENDWO-AUF-DER-WELT-IST-DA-JEMAND-04-1024x683.jpg 1024w\" sizes=\"(max-width: 559px) 100vw, 559px\" \/><\/p>\n<p><img decoding=\"async\" loading=\"lazy\" class=\"alignnone size-medium wp-image-7394\" src=\"https:\/\/laszlo-music.com\/wp-content\/uploads\/2017\/11\/LASZLO-TENOR-MALECZKY-LIFE-GOES-ON-GALA-2017-WIEN-ITS-MY-LIFE-JETZT-UND-HIER-BON-JOVI-FESTSAAL-WIENER-RATHAUS-KLASSIK-POP-CROSSOVER-SOUNDTRACK-MUSIC-MUSIK-ADORO-IRGENDWO-AUF-DER-WELT-IST-DA-JEMAND-02-559x373.jpg\" alt=\"\" width=\"559\" height=\"373\" srcset=\"https:\/\/laszlo-music.com\/wp-content\/uploads\/2017\/11\/LASZLO-TENOR-MALECZKY-LIFE-GOES-ON-GALA-2017-WIEN-ITS-MY-LIFE-JETZT-UND-HIER-BON-JOVI-FESTSAAL-WIENER-RATHAUS-KLASSIK-POP-CROSSOVER-SOUNDTRACK-MUSIC-MUSIK-ADORO-IRGENDWO-AUF-DER-WELT-IST-DA-JEMAND-02-559x373.jpg 559w, https:\/\/laszlo-music.com\/wp-content\/uploads\/2017\/11\/LASZLO-TENOR-MALECZKY-LIFE-GOES-ON-GALA-2017-WIEN-ITS-MY-LIFE-JETZT-UND-HIER-BON-JOVI-FESTSAAL-WIENER-RATHAUS-KLASSIK-POP-CROSSOVER-SOUNDTRACK-MUSIC-MUSIK-ADORO-IRGENDWO-AUF-DER-WELT-IST-DA-JEMAND-02-768x512.jpg 768w, https:\/\/laszlo-music.com\/wp-content\/uploads\/2017\/11\/LASZLO-TENOR-MALECZKY-LIFE-GOES-ON-GALA-2017-WIEN-ITS-MY-LIFE-JETZT-UND-HIER-BON-JOVI-FESTSAAL-WIENER-RATHAUS-KLASSIK-POP-CROSSOVER-SOUNDTRACK-MUSIC-MUSIK-ADORO-IRGENDWO-AUF-DER-WELT-IST-DA-JEMAND-02-1024x683.jpg 1024w\" sizes=\"(max-width: 559px) 100vw, 559px\" \/><\/p>\n<p>Fotograf aller Bilder dieses Beitrages: Karl Satzinger<\/p>\n<p>Hier ein Link zu mehr Fotos zur Gala auf meiner offiziellen Facbook-Seite:<br \/>\n<strong><a href=\"https:\/\/www.facebook.com\/LASZLO.TENOR.Wien.Vienna\/posts\/1945732772110853\" target=\"_blank\" rel=\"noopener\">LASZLO BEI LIFE GOES ON \u2013 FOTOS<\/a><\/strong><\/p>\n<p>Links:\u00a0<a href=\"https:\/\/l.facebook.com\/l.php?u=http%3A%2F%2Fwww.lifegoeson.at%2F&amp;h=ATO_UD8uvT8HfTVJqtENPYEfrtT4oPhvIFCSvD7VeIbW-fZNgYzPi8cYXLhMizWJzvzJfngr0H1E80Tbtl0Y7Tr_-akGa42jlSQKkpp3U-OcT5IEFGrvQpxVI7dCAt7s07Q9Kz1nhfW8fhBRfoKygkAa6QEiG2Z-j34mv3V36sMfbk7Q5O9VQ51PtB-Ocx87c5qxE0f81Iw5G8AlvNGybww1tUv68vnVomUKaxQwvySburVubharqvyyTWu8rM5Xj5k9xbRFzHNdU85ROmok6mYLoTUAVjLc-6PO7cjJ8Ngxkg\" target=\"_blank\" rel=\"noopener nofollow\" data-ft=\"{&quot;tn&quot;:&quot;-U&quot;}\" data-lynx-mode=\"async\">http:\/\/www.lifegoeson.at\/<\/a>\u00a0&amp;\u00a0<a href=\"https:\/\/www.facebook.com\/lifegoeson.at\/\" target=\"_blank\" rel=\"noopener\" data-ft=\"{&quot;tn&quot;:&quot;-U&quot;}\">https:\/\/www.facebook.com\/lifegoeson.at\/<\/a><\/p>\n","protected":false},"excerpt":{"rendered":"<p>Meine Lieben, jetzt sind endlich die Bilder von meinem Auftritt bei der LIVE GOES ON-Gala 2017 da! Singen ist f\u00fcr mich eine gro\u00dfe Freud und Genuss! Ich denke, dass man das auch an diesen sch\u00f6nen Bildern sehen kann. Es war ein wunderbare Atmosph\u00e4re und der Song JETZT UND HIER &#8211; IT\u00b4S MY LIFE (Bon Jovi) in meiner ganz besonderen, deutschsprachigen Klassik-Pop-Fassung hat perfekt zu diesem Moment und diesem Anlass gepasst. Fotograf aller Bilder dieses Beitrages: Karl Satzinger Hier ein Link [&hellip;]<\/p>\n","protected":false},"author":790,"featured_media":8229,"comment_status":"closed","ping_status":"open","sticky":false,"template":"","format":"standard","meta":[],"categories":[61,62,63,64],"tags":[],"yoast_head":"<!-- This site is optimized with the Yoast SEO plugin v20.12 - https:\/\/yoast.com\/wordpress\/plugins\/seo\/ -->\n<title>FOTOS VON LASZLOS AUFTRITT BEI DER LIVE GOES ON-GALA 2017<\/title>\n<meta name=\"robots\" content=\"index, follow, max-snippet:-1, max-image-preview:large, max-video-preview:-1\" \/>\n<link rel=\"canonical\" href=\"https:\/\/laszlo-music.com\/en\/fotos-von-laszlos-auftritt-bei-der-live-goes-on-gala\/\" \/>\n<meta property=\"og:locale\" content=\"en_US\" \/>\n<meta property=\"og:type\" content=\"article\" \/>\n<meta property=\"og:title\" content=\"FOTOS VON LASZLOS AUFTRITT BEI DER LIVE GOES ON-GALA 2017\" \/>\n<meta property=\"og:description\" content=\"Meine Lieben, jetzt sind endlich die Bilder von meinem Auftritt bei der LIVE GOES ON-Gala 2017 da! Singen ist f\u00fcr mich eine gro\u00dfe Freud und Genuss! Ich denke, dass man das auch an diesen sch\u00f6nen Bildern sehen kann. Es war ein wunderbare Atmosph\u00e4re und der Song JETZT UND HIER &#8211; IT\u00b4S MY LIFE (Bon Jovi) in meiner ganz besonderen, deutschsprachigen Klassik-Pop-Fassung hat perfekt zu diesem Moment und diesem Anlass gepasst. Fotograf aller Bilder dieses Beitrages: Karl Satzinger Hier ein Link [&hellip;]\" \/>\n<meta property=\"og:url\" content=\"https:\/\/laszlo-music.com\/en\/fotos-von-laszlos-auftritt-bei-der-live-goes-on-gala\/\" \/>\n<meta property=\"og:site_name\" content=\"OPERA TENOR - LASZLO MALECZKY\" \/>\n<meta property=\"article:published_time\" content=\"2017-11-19T23:01:52+00:00\" \/>\n<meta property=\"og:image\" content=\"https:\/\/laszlo-music.com\/wp-content\/uploads\/2017\/11\/LASZLO-TENOR-MALECZKY-LIFE-GOES-ON-GALA-2017-WIEN-ITS-MY-LIFE-JETZT-UND-HIER-BON-JOVI-FESTSAAL-WIENER-RATHAUS-KLASSIK-POP-CROSSOVER-SOUNDTRACK-MUSIC-MUSIK-ADORO-IRGENDWO-AUF-DER-WELT-IST-DA-JEMAND-01.jpg\" \/>\n\t<meta property=\"og:image:width\" content=\"2731\" \/>\n\t<meta property=\"og:image:height\" content=\"1536\" \/>\n\t<meta property=\"og:image:type\" content=\"image\/jpeg\" \/>\n<meta name=\"author\" content=\"LT-WebTeam\" \/>\n<meta name=\"twitter:card\" content=\"summary_large_image\" \/>\n<meta name=\"twitter:label1\" content=\"Written by\" \/>\n\t<meta name=\"twitter:data1\" content=\"LT-WebTeam\" \/>\n\t<meta name=\"twitter:label2\" content=\"Est. reading time\" \/>\n\t<meta name=\"twitter:data2\" content=\"1 minute\" \/>\n<script type=\"application\/ld+json\" class=\"yoast-schema-graph\">{\"@context\":\"https:\/\/schema.org\",\"@graph\":[{\"@type\":\"WebPage\",\"@id\":\"https:\/\/laszlo-music.com\/en\/fotos-von-laszlos-auftritt-bei-der-live-goes-on-gala\/\",\"url\":\"https:\/\/laszlo-music.com\/en\/fotos-von-laszlos-auftritt-bei-der-live-goes-on-gala\/\",\"name\":\"FOTOS VON LASZLOS AUFTRITT BEI DER LIVE GOES ON-GALA 2017\",\"isPartOf\":{\"@id\":\"https:\/\/laszlo-music.com\/#website\"},\"datePublished\":\"2017-11-19T23:01:52+00:00\",\"dateModified\":\"2017-11-19T23:01:52+00:00\",\"author\":{\"@id\":\"https:\/\/laszlo-music.com\/#\/schema\/person\/26424bad638179a403244fcab184dd08\"},\"breadcrumb\":{\"@id\":\"https:\/\/laszlo-music.com\/en\/fotos-von-laszlos-auftritt-bei-der-live-goes-on-gala\/#breadcrumb\"},\"inLanguage\":\"en-US\",\"potentialAction\":[{\"@type\":\"ReadAction\",\"target\":[\"https:\/\/laszlo-music.com\/en\/fotos-von-laszlos-auftritt-bei-der-live-goes-on-gala\/\"]}]},{\"@type\":\"BreadcrumbList\",\"@id\":\"https:\/\/laszlo-music.com\/en\/fotos-von-laszlos-auftritt-bei-der-live-goes-on-gala\/#breadcrumb\",\"itemListElement\":[{\"@type\":\"ListItem\",\"position\":1,\"name\":\"Startseite\",\"item\":\"https:\/\/laszlo-music.com\/en\/offizielle-website-3\/\"},{\"@type\":\"ListItem\",\"position\":2,\"name\":\"FOTOS VON LASZLO\u00b4S AUFTRITT BEI DER *LIVE GOES ON*-GALA\"}]},{\"@type\":\"WebSite\",\"@id\":\"https:\/\/laszlo-music.com\/#website\",\"url\":\"https:\/\/laszlo-music.com\/\",\"name\":\"OPERA TENOR - LASZLO MALECZKY\",\"description\":\"LASZLO | OPERN TENOR | KLASSIK-POP-TENOR | TENOR BEI IMPULSO\",\"potentialAction\":[{\"@type\":\"SearchAction\",\"target\":{\"@type\":\"EntryPoint\",\"urlTemplate\":\"https:\/\/laszlo-music.com\/?s={search_term_string}\"},\"query-input\":\"required name=search_term_string\"}],\"inLanguage\":\"en-US\"},{\"@type\":\"Person\",\"@id\":\"https:\/\/laszlo-music.com\/#\/schema\/person\/26424bad638179a403244fcab184dd08\",\"name\":\"LT-WebTeam\",\"image\":{\"@type\":\"ImageObject\",\"inLanguage\":\"en-US\",\"@id\":\"https:\/\/laszlo-music.com\/#\/schema\/person\/image\/\",\"url\":\"https:\/\/secure.gravatar.com\/avatar\/7b1b8dddb722f738967229b651d3d97b?s=96&d=mm&r=g\",\"contentUrl\":\"https:\/\/secure.gravatar.com\/avatar\/7b1b8dddb722f738967229b651d3d97b?s=96&d=mm&r=g\",\"caption\":\"LT-WebTeam\"},\"url\":\"https:\/\/laszlo-music.com\/en\/author\/laszlom\/\"}]}<\/script>\n<!-- \/ Yoast SEO plugin. -->","yoast_head_json":{"title":"FOTOS VON LASZLOS AUFTRITT BEI DER LIVE GOES ON-GALA 2017","robots":{"index":"index","follow":"follow","max-snippet":"max-snippet:-1","max-image-preview":"max-image-preview:large","max-video-preview":"max-video-preview:-1"},"canonical":"https:\/\/laszlo-music.com\/en\/fotos-von-laszlos-auftritt-bei-der-live-goes-on-gala\/","og_locale":"en_US","og_type":"article","og_title":"FOTOS VON LASZLOS AUFTRITT BEI DER LIVE GOES ON-GALA 2017","og_description":"Meine Lieben, jetzt sind endlich die Bilder von meinem Auftritt bei der LIVE GOES ON-Gala 2017 da! Singen ist f\u00fcr mich eine gro\u00dfe Freud und Genuss! Ich denke, dass man das auch an diesen sch\u00f6nen Bildern sehen kann. Es war ein wunderbare Atmosph\u00e4re und der Song JETZT UND HIER &#8211; IT\u00b4S MY LIFE (Bon Jovi) in meiner ganz besonderen, deutschsprachigen Klassik-Pop-Fassung hat perfekt zu diesem Moment und diesem Anlass gepasst. Fotograf aller Bilder dieses Beitrages: Karl Satzinger Hier ein Link [&hellip;]","og_url":"https:\/\/laszlo-music.com\/en\/fotos-von-laszlos-auftritt-bei-der-live-goes-on-gala\/","og_site_name":"OPERA TENOR - LASZLO MALECZKY","article_published_time":"2017-11-19T23:01:52+00:00","og_image":[{"width":2731,"height":1536,"url":"https:\/\/laszlo-music.com\/wp-content\/uploads\/2017\/11\/LASZLO-TENOR-MALECZKY-LIFE-GOES-ON-GALA-2017-WIEN-ITS-MY-LIFE-JETZT-UND-HIER-BON-JOVI-FESTSAAL-WIENER-RATHAUS-KLASSIK-POP-CROSSOVER-SOUNDTRACK-MUSIC-MUSIK-ADORO-IRGENDWO-AUF-DER-WELT-IST-DA-JEMAND-01.jpg","type":"image\/jpeg"}],"author":"LT-WebTeam","twitter_card":"summary_large_image","twitter_misc":{"Written by":"LT-WebTeam","Est. reading time":"1 minute"},"schema":{"@context":"https:\/\/schema.org","@graph":[{"@type":"WebPage","@id":"https:\/\/laszlo-music.com\/en\/fotos-von-laszlos-auftritt-bei-der-live-goes-on-gala\/","url":"https:\/\/laszlo-music.com\/en\/fotos-von-laszlos-auftritt-bei-der-live-goes-on-gala\/","name":"FOTOS VON LASZLOS AUFTRITT BEI DER LIVE GOES ON-GALA 2017","isPartOf":{"@id":"https:\/\/laszlo-music.com\/#website"},"datePublished":"2017-11-19T23:01:52+00:00","dateModified":"2017-11-19T23:01:52+00:00","author":{"@id":"https:\/\/laszlo-music.com\/#\/schema\/person\/26424bad638179a403244fcab184dd08"},"breadcrumb":{"@id":"https:\/\/laszlo-music.com\/en\/fotos-von-laszlos-auftritt-bei-der-live-goes-on-gala\/#breadcrumb"},"inLanguage":"en-US","potentialAction":[{"@type":"ReadAction","target":["https:\/\/laszlo-music.com\/en\/fotos-von-laszlos-auftritt-bei-der-live-goes-on-gala\/"]}]},{"@type":"BreadcrumbList","@id":"https:\/\/laszlo-music.com\/en\/fotos-von-laszlos-auftritt-bei-der-live-goes-on-gala\/#breadcrumb","itemListElement":[{"@type":"ListItem","position":1,"name":"Startseite","item":"https:\/\/laszlo-music.com\/en\/offizielle-website-3\/"},{"@type":"ListItem","position":2,"name":"FOTOS VON LASZLO\u00b4S AUFTRITT BEI DER *LIVE GOES ON*-GALA"}]},{"@type":"WebSite","@id":"https:\/\/laszlo-music.com\/#website","url":"https:\/\/laszlo-music.com\/","name":"OPERA TENOR - LASZLO MALECZKY","description":"LASZLO | OPERN TENOR | KLASSIK-POP-TENOR | TENOR BEI IMPULSO","potentialAction":[{"@type":"SearchAction","target":{"@type":"EntryPoint","urlTemplate":"https:\/\/laszlo-music.com\/?s={search_term_string}"},"query-input":"required name=search_term_string"}],"inLanguage":"en-US"},{"@type":"Person","@id":"https:\/\/laszlo-music.com\/#\/schema\/person\/26424bad638179a403244fcab184dd08","name":"LT-WebTeam","image":{"@type":"ImageObject","inLanguage":"en-US","@id":"https:\/\/laszlo-music.com\/#\/schema\/person\/image\/","url":"https:\/\/secure.gravatar.com\/avatar\/7b1b8dddb722f738967229b651d3d97b?s=96&d=mm&r=g","contentUrl":"https:\/\/secure.gravatar.com\/avatar\/7b1b8dddb722f738967229b651d3d97b?s=96&d=mm&r=g","caption":"LT-WebTeam"},"url":"https:\/\/laszlo-music.com\/en\/author\/laszlom\/"}]}},"_links":{"self":[{"href":"https:\/\/laszlo-music.com\/en\/wp-json\/wp\/v2\/posts\/7423"}],"collection":[{"href":"https:\/\/laszlo-music.com\/en\/wp-json\/wp\/v2\/posts"}],"about":[{"href":"https:\/\/laszlo-music.com\/en\/wp-json\/wp\/v2\/types\/post"}],"author":[{"embeddable":true,"href":"https:\/\/laszlo-music.com\/en\/wp-json\/wp\/v2\/users\/790"}],"replies":[{"embeddable":true,"href":"https:\/\/laszlo-music.com\/en\/wp-json\/wp\/v2\/comments?post=7423"}],"version-history":[{"count":0,"href":"https:\/\/laszlo-music.com\/en\/wp-json\/wp\/v2\/posts\/7423\/revisions"}],"wp:featuredmedia":[{"embeddable":true,"href":"https:\/\/laszlo-music.com\/en\/wp-json\/wp\/v2\/media\/8229"}],"wp:attachment":[{"href":"https:\/\/laszlo-music.com\/en\/wp-json\/wp\/v2\/media?parent=7423"}],"wp:term":[{"taxonomy":"category","embeddable":true,"href":"https:\/\/laszlo-music.com\/en\/wp-json\/wp\/v2\/categories?post=7423"},{"taxonomy":"post_tag","embeddable":true,"href":"https:\/\/laszlo-music.com\/en\/wp-json\/wp\/v2\/tags?post=7423"}],"curies":[{"name":"wp","href":"https:\/\/api.w.org\/{rel}","templated":true}]}}